{"id":278,"date":"2018-01-04T19:05:46","date_gmt":"2018-01-04T19:05:46","guid":{"rendered":"http:\/\/netz-gegen-armut.de\/?p=278"},"modified":"2018-06-20T08:42:38","modified_gmt":"2018-06-20T08:42:38","slug":"unsere-zukunft-im-gerresheimer-sueden","status":"publish","type":"post","link":"https:\/\/netz-gegen-armut.de\/?p=278","title":{"rendered":"Unsere Zukunft im Gerresheimer S\u00fcden"},"content":{"rendered":"<p>Seit Oktober f\u00fchrt das Netz gegen Armut \u2013 Wir leben Nachbarschaft zusammen mit dem Kreisverband der AWO und der Hochschule D\u00fcsseldorf eine qualitativ orientierte Sozialraumanalyse in ausgew\u00e4hlten Sozialr\u00e4umen im Gerresheimer S\u00fcden durch. Es geht um die aktuelle Lebenssituation und Bedarfslage insbesondere der \u00e4lteren Menschen im Quartier. Angesprochen werden aber auch die professionellen und zivilgesellschaftlichen Ressourcen, die hier schon vorhanden sind und die Perspektiven der neu zugezogenen Bewohner und Bewohnerinnen, hier vor allem aus dem Gebiet Quellenbusch.<\/p>\n<p>Unter dem Motto: Was wir f\u00fcr eine gute Zukunft im Gerresheimer S\u00fcden tun k\u00f6nnen, laden wir ganz herzlich zu einer <strong>Abschlussveranstaltung<\/strong> der Sozialraumanalyse ein, auf der die Ergebnisse pr\u00e4sentiert und diskutiert werden.<\/p>\n<p><strong>Wann: Montag, 29. Januar 2018, von 14.00 bis 17.00 Uhr <\/strong><\/p>\n<p><strong>Wo: im Gemeindezentrum der ev. Kirchengemeinde, Hardenbergstr. 3<\/strong><\/p>\n<p>Hier finden Sie die Einladung als PDF zum weiterleiten<\/p>\n<p><a href=\"https:\/\/netz-gegen-armut.de\/wp-content\/uploads\/2018\/01\/Einladung-Workshop.pdf\">Einladung Workshop<\/a><\/p>\n","protected":false},"excerpt":{"rendered":"<p>Seit Oktober f\u00fchrt das Netz gegen Armut \u2013 Wir leben Nachbarschaft zusammen mit dem Kreisverband der AWO und der Hochschule D\u00fcsseldorf eine qualitativ orientierte Sozialraumanalyse in ausgew\u00e4hlten Sozialr\u00e4umen im Gerresheimer S\u00fcden durch. Es geht um die aktuelle Lebenssituation und Bedarfslage insbesondere der \u00e4lteren Menschen im Quartier. Angesprochen werden aber auch die professionellen und zivilgesellschaftlichen Ressourcen, &hellip; <\/p>\n<p class=\"link-more\"><a href=\"https:\/\/netz-gegen-armut.de\/?p=278\" class=\"more-link\"><span class=\"screen-reader-text\">\u201eUnsere Zukunft im Gerresheimer S\u00fcden\u201c <\/span>weiterlesen<\/a><\/p>\n","protected":false},"author":4,"featured_media":0,"comment_status":"closed","ping_status":"open","sticky":false,"template":"","format":"standard","meta":{"footnotes":""},"categories":[1],"tags":[],"class_list":["post-278","post","type-post","status-publish","format-standard","hentry","category-uncategorized"],"_links":{"self":[{"href":"https:\/\/netz-gegen-armut.de\/index.php?rest_route=\/wp\/v2\/posts\/278","targetHints":{"allow":["GET"]}}],"collection":[{"href":"https:\/\/netz-gegen-armut.de\/index.php?rest_route=\/wp\/v2\/posts"}],"about":[{"href":"https:\/\/netz-gegen-armut.de\/index.php?rest_route=\/wp\/v2\/types\/post"}],"author":[{"embeddable":true,"href":"https:\/\/netz-gegen-armut.de\/index.php?rest_route=\/wp\/v2\/users\/4"}],"replies":[{"embeddable":true,"href":"https:\/\/netz-gegen-armut.de\/index.php?rest_route=%2Fwp%2Fv2%2Fcomments&post=278"}],"version-history":[{"count":1,"href":"https:\/\/netz-gegen-armut.de\/index.php?rest_route=\/wp\/v2\/posts\/278\/revisions"}],"predecessor-version":[{"id":280,"href":"https:\/\/netz-gegen-armut.de\/index.php?rest_route=\/wp\/v2\/posts\/278\/revisions\/280"}],"wp:attachment":[{"href":"https:\/\/netz-gegen-armut.de\/index.php?rest_route=%2Fwp%2Fv2%2Fmedia&parent=278"}],"wp:term":[{"taxonomy":"category","embeddable":true,"href":"https:\/\/netz-gegen-armut.de\/index.php?rest_route=%2Fwp%2Fv2%2Fcategories&post=278"},{"taxonomy":"post_tag","embeddable":true,"href":"https:\/\/netz-gegen-armut.de\/index.php?rest_route=%2Fwp%2Fv2%2Ftags&post=278"}],"curies":[{"name":"wp","href":"https:\/\/api.w.org\/{rel}","templated":true}]}}