{"id":230,"date":"2017-12-13T15:22:32","date_gmt":"2017-12-13T15:22:32","guid":{"rendered":"http:\/\/netz-gegen-armut.de\/?p=230"},"modified":"2018-06-20T08:43:09","modified_gmt":"2018-06-20T08:43:09","slug":"die-12-adventstuer-oeffnete-sich-am-dienstag-vor-dem-gerresheimer-rathaus","status":"publish","type":"post","link":"https:\/\/netz-gegen-armut.de\/?p=230","title":{"rendered":"Die 12. Adventst\u00fcr \u00f6ffnete sich am Dienstag vor dem Gerresheimer Rathaus"},"content":{"rendered":"<figure id=\"attachment_231\" aria-describedby=\"caption-attachment-231\" style=\"width: 300px\" class=\"wp-caption alignnone\"><img loading=\"lazy\" decoding=\"async\" class=\"wp-image-231 size-medium\" src=\"https:\/\/netz-gegen-armut.de\/wp-content\/uploads\/2017\/12\/Advent-am-Rathaus-300x194.jpg\" alt=\"\" width=\"300\" height=\"194\" srcset=\"https:\/\/netz-gegen-armut.de\/wp-content\/uploads\/2017\/12\/Advent-am-Rathaus-300x194.jpg 300w, https:\/\/netz-gegen-armut.de\/wp-content\/uploads\/2017\/12\/Advent-am-Rathaus-768x497.jpg 768w, https:\/\/netz-gegen-armut.de\/wp-content\/uploads\/2017\/12\/Advent-am-Rathaus-1024x663.jpg 1024w\" sizes=\"auto, (max-width: 300px) 100vw, 300px\" \/><figcaption id=\"caption-attachment-231\" class=\"wp-caption-text\">Foto: Maria Icking<\/figcaption><\/figure>\n<p>Nicht zuf\u00e4llig, hat doch das Gerresheimer Rathaus die Adresse \u201eNeusser Tor 12\u201c, traf man sich dort zum lebendigen Adventskalender am 12.12. Bezirksb\u00fcrgermeister Karsten Kunert begr\u00fc\u00dft die Anwesenden und lud auch gleich dazu ein, die Chance zu nutzen und mit den anwesenden Bezirksvertreterinnen und Bezirksvertretern ins Gespr\u00e4ch zu kommen.<br \/>\nZu weihnachtlicher Musik des Posaunenchors unter der Leitung von Jost Schmiedel wurden Gl\u00fchwein und Pl\u00e4tzchen gereicht und auch die leckeren H\u00e4ppchen des kochenden Bezirksb\u00fcrgermeisters durften nicht fehlen.<\/p>\n<p>Am 24.12. endet der Kalender am Zentrum plus am Wallgraben. Aber vorher stehen noch zahlreiche T\u00fcren im s\u00fcdlichen und n\u00f6rdlichen Gerresheim offen.<\/p>\n<p>&nbsp;<\/p>\n","protected":false},"excerpt":{"rendered":"<p>Nicht zuf\u00e4llig, hat doch das Gerresheimer Rathaus die Adresse \u201eNeusser Tor 12\u201c, traf man sich dort zum lebendigen Adventskalender am 12.12. Bezirksb\u00fcrgermeister Karsten Kunert begr\u00fc\u00dft die Anwesenden und lud auch gleich dazu ein, die Chance zu nutzen und mit den anwesenden Bezirksvertreterinnen und Bezirksvertretern ins Gespr\u00e4ch zu kommen. Zu weihnachtlicher Musik des Posaunenchors unter der &hellip; <\/p>\n<p class=\"link-more\"><a href=\"https:\/\/netz-gegen-armut.de\/?p=230\" class=\"more-link\"><span class=\"screen-reader-text\">\u201eDie 12. Adventst\u00fcr \u00f6ffnete sich am Dienstag vor dem Gerresheimer Rathaus\u201c <\/span>weiterlesen<\/a><\/p>\n","protected":false},"author":4,"featured_media":0,"comment_status":"closed","ping_status":"open","sticky":false,"template":"","format":"standard","meta":{"footnotes":""},"categories":[1],"tags":[],"class_list":["post-230","post","type-post","status-publish","format-standard","hentry","category-uncategorized"],"_links":{"self":[{"href":"https:\/\/netz-gegen-armut.de\/index.php?rest_route=\/wp\/v2\/posts\/230","targetHints":{"allow":["GET"]}}],"collection":[{"href":"https:\/\/netz-gegen-armut.de\/index.php?rest_route=\/wp\/v2\/posts"}],"about":[{"href":"https:\/\/netz-gegen-armut.de\/index.php?rest_route=\/wp\/v2\/types\/post"}],"author":[{"embeddable":true,"href":"https:\/\/netz-gegen-armut.de\/index.php?rest_route=\/wp\/v2\/users\/4"}],"replies":[{"embeddable":true,"href":"https:\/\/netz-gegen-armut.de\/index.php?rest_route=%2Fwp%2Fv2%2Fcomments&post=230"}],"version-history":[{"count":6,"href":"https:\/\/netz-gegen-armut.de\/index.php?rest_route=\/wp\/v2\/posts\/230\/revisions"}],"predecessor-version":[{"id":262,"href":"https:\/\/netz-gegen-armut.de\/index.php?rest_route=\/wp\/v2\/posts\/230\/revisions\/262"}],"wp:attachment":[{"href":"https:\/\/netz-gegen-armut.de\/index.php?rest_route=%2Fwp%2Fv2%2Fmedia&parent=230"}],"wp:term":[{"taxonomy":"category","embeddable":true,"href":"https:\/\/netz-gegen-armut.de\/index.php?rest_route=%2Fwp%2Fv2%2Fcategories&post=230"},{"taxonomy":"post_tag","embeddable":true,"href":"https:\/\/netz-gegen-armut.de\/index.php?rest_route=%2Fwp%2Fv2%2Ftags&post=230"}],"curies":[{"name":"wp","href":"https:\/\/api.w.org\/{rel}","templated":true}]}}